{"id":365,"date":"2024-04-17T13:01:11","date_gmt":"2024-04-17T11:01:11","guid":{"rendered":"https:\/\/www.thea.cz\/zpivam\/?p=365"},"modified":"2026-01-03T13:02:14","modified_gmt":"2026-01-03T12:02:14","slug":"vis-kluci-tezsi-to-maj","status":"publish","type":"post","link":"https:\/\/www.thea.cz\/zpivam\/2024\/04\/17\/vis-kluci-tezsi-to-maj\/","title":{"rendered":"V\u00ed\u0161? Kluci t\u011b\u017e\u0161\u00ed to maj&#8230;"},"content":{"rendered":"\n<p>Zn\u00e1te tu p\u00edsni\u010dku od Brontosaur\u016f, \u017ee jo? Jen ve zp\u011bvu to maj\u00ed t\u011b\u017e\u0161\u00ed kluci.<\/p>\n\n\n\n<figure class=\"wp-block-image size-large\"><img loading=\"lazy\" decoding=\"async\" width=\"1024\" height=\"322\" src=\"https:\/\/www.thea.cz\/zpivam\/wp-content\/uploads\/2026\/01\/zpivam-kluci-tezsi-to-maj2-1024x322.jpg\" alt=\"\" class=\"wp-image-366\" srcset=\"https:\/\/www.thea.cz\/zpivam\/wp-content\/uploads\/2026\/01\/zpivam-kluci-tezsi-to-maj2-1024x322.jpg 1024w, https:\/\/www.thea.cz\/zpivam\/wp-content\/uploads\/2026\/01\/zpivam-kluci-tezsi-to-maj2-300x94.jpg 300w, https:\/\/www.thea.cz\/zpivam\/wp-content\/uploads\/2026\/01\/zpivam-kluci-tezsi-to-maj2-768x242.jpg 768w, https:\/\/www.thea.cz\/zpivam\/wp-content\/uploads\/2026\/01\/zpivam-kluci-tezsi-to-maj2.jpg 1418w\" sizes=\"auto, (max-width: 1024px) 100vw, 1024px\" \/><\/figure>\n\n\n\n<p>\u266b <a><\/a>V\u011bt\u0161ina sm\u00ed\u0161en\u00fdch sbor\u016f hled\u00e1 mu\u017esk\u00e9 hlasy, m\u00edsty je z toho p\u0159etahovan\u00e1 mezi sbory. Skv\u011bl\u00fd bas nebo tenor b\u00fdv\u00e1 pro sbor \u010dasto d\u016fle\u017eit\u011bj\u0161\u00ed ne\u017e skv\u011bl\u00e1 sopranistka. P\u0159em\u00fd\u0161leli jste n\u011bkdy, pro\u010d zp\u00edv\u00e1 tak m\u00e1lo chlap\u016f? Nebude to jenom t\u00edm, \u017ee cht\u011bj\u00ed rad\u011bji na fotbal. V\u011bt\u0161ina p\u00e1n\u016f tvrd\u00ed, \u017ee zp\u00edvaj\u00ed jen v sebeobran\u011b a \u017ee se to nikdy nezm\u011bn\u00ed. To sice nemus\u00ed b\u00fdt pravda, ale maj\u00ed to prost\u011b t\u011b\u017e\u0161\u00ed.<\/p>\n\n\n\n<p>\u266b V d\u011btstv\u00ed maj\u00ed v\u011bt\u0161inou holky i kluci podobnou v\u00fd\u0161ku hlasu a\u017e do mutace. Holk\u00e1m se \u010dasto nezm\u011bn\u00ed nijak v\u00fdrazn\u011b, ale p\u00e1n\u016fm najednou klesne t\u0159eba o okt\u00e1vu. Je to jako bychom se nau\u010dili ladn\u011b chodit po dvou a najednou se museli zase vr\u00e1tit na \u010dty\u0159i. Nav\u00edc po mutaci trv\u00e1 i n\u011bkolik let, ne\u017e se hlas usad\u00ed. Tedy je docela pochopiteln\u00e9, \u017ee po takov\u00fdch zku\u0161enostech si mlad\u00fd mu\u017e vybere rad\u011bji fotbal a na n\u011bjak\u00e9 z\u00edv\u00e1n\u00ed se vyprdne. Tohle obdob\u00ed je pro n\u011bkter\u00e9 mu\u017ee i dost traumatizuj\u00edc\u00ed, po mutaci jsou r\u00e1di, \u017ee hlas z\u016fst\u00e1v\u00e1 na jedn\u00e9 v\u00fd\u0161ce a rad\u011bji nic u\u017e nepokou\u0161\u00ed.<\/p>\n\n\n\n<p>\u266b Jen\u017ee i kdyby se rozhodli zp\u00edvat nad\u00e1le, tak to maj\u00ed do konce \u017eivota t\u011b\u017e\u0161\u00ed s lad\u011bn\u00edm, ne\u017e v\u011bt\u0161ina \u017een.<\/p>\n\n\n\n<p>Te\u010f to bude slo\u017eit\u011bj\u0161\u00ed: Kdy\u017e zp\u00edv\u00e1me n\u00edzk\u00e9 t\u00f3ny, je chv\u011bn\u00ed pomalej\u0161\u00ed a rozd\u00edl frekvence mezi sousedn\u00edmi t\u00f3ny je men\u0161\u00ed. \u010c\u00edm jdeme v\u00fd\u0161, t\u00edm je rozd\u00edl frekvenc\u00ed mezi sousedn\u00edmi t\u00f3ny v\u011bt\u0161\u00ed. Koukn\u011bte na tu tabulku. Rozd\u00edl mezi c a cis (C3-CIS 3) je necel\u00fdch 8 Hz, zat\u00edmco rozd\u00edl mezi c2 a cis 2 (C5- CIS 5) je 31 Hz. Prost\u011b sopranistka si m\u016f\u017ee dovolit n\u011bjak\u00fd hertz sem, hertz tam a st\u00e1le bude zn\u00edt \u010dist\u011b. To si rozhodn\u011b nem\u016f\u017ee dovolit basista na E.<\/p>\n\n\n\n<p>\u266b Sv\u00e9mu sboru nahr\u00e1v\u00e1m party pro v\u0161echny hlasy a pro nahr\u00e1v\u00e1n\u00ed mu\u017esk\u00fdch hlas\u016f pou\u017e\u00edv\u00e1m okt\u00e1ver. Je to ma\u0161inka, do kter\u00e9 zapoj\u00edm mikrofon a pak ji p\u0159ipoj\u00edm ke kombu. Zp\u00edv\u00e1m do n\u00ed ve sv\u00e9 \u2013 altov\u00e9 poloze a leze z toho hlas o okt\u00e1vu ni\u017e\u0161\u00ed, tedy je frekvence polovi\u010dn\u00ed proti t\u00e9, kterou vytv\u00e1\u0159\u00edm sv\u00fdm hlasem (zp\u00edv\u00e1m c1 \u2013 z komba zn\u00ed c mal\u00e9). \u010casto se st\u00e1v\u00e1, \u017ee to, co jde p\u0159\u00edmo z m\u00e9 pusy zn\u00ed pozorovateli \u010dist\u011b a to, co jde z komba u\u017e ne. Je to t\u00edm, \u017ee nejsem p\u0159esn\u00e1 ve sv\u00e9 poloze, tedy kdy\u017e ma\u0161inka zahraje jen polovi\u010dn\u00ed frekvenci, je chyba sly\u0161et v\u00fdrazn\u011bji.<\/p>\n\n\n\n<p>\u266b No a ani to nen\u00ed v\u0161echno. V\u0161imn\u011bte si, \u017ee \u010dasto mu\u017ei, kte\u0159\u00ed jsou citliv\u011bj\u0161\u00ed, maj\u00ed dcery a milovan\u00e9 man\u017eelky \u010di maminky, mluv\u00ed v poloze, kter\u00e1 je vy\u0161\u0161\u00ed, ne\u017e kdy\u017e jdou s kolegy na pivo. N\u011bkte\u0159\u00ed lid\u00e9 vn\u00edmaj\u00ed mu\u017esk\u00fd hlas jako p\u0159\u00edsn\u00fd, tvrd\u00fd a n\u011bkte\u0159\u00ed mu\u017ei se jej sna\u017e\u00ed zvy\u0161ovat a zjem\u0148ovat s pocitem, \u017ee jsou v\u016f\u010di sv\u00fdm partnerk\u00e1m a d\u011btem citliv\u011bj\u0161\u00ed a jemn\u011bj\u0161\u00ed. N\u011bkdy je to a\u017e komick\u00e9, dosp\u011bl\u00fd chlap si na pump\u011b pov\u00edd\u00e1 s ostatn\u00edmi mu\u017ei o autech, jeho hlas dun\u00ed do d\u00e1lky a kdy\u017e p\u0159inese mamince do auta latt\u00e9, tak na n\u00ed skoro m\u0148ouk\u00e1. A pak maj\u00ed naj\u00edt, kde je ta jejich hlasov\u00e1 poloha.<\/p>\n\n\n\n<p>Mu\u017ei to maj\u00ed prost\u011b s hlasem t\u011b\u017e\u0161\u00ed.<\/p>\n\n\n\n<p>\u2026mimochodem, hled\u00e1m tenory, barytony i basy do sboru. Nechcete se p\u0159idat <img loading=\"lazy\" decoding=\"async\" height=\"16\" width=\"16\" alt=\"\ud83d\ude09\" src=\"https:\/\/static.xx.fbcdn.net\/images\/emoji.php\/v9\/t57\/1\/16\/1f609.png\"><\/p>\n\n\n\n<figure class=\"wp-block-image size-full\"><img loading=\"lazy\" decoding=\"async\" width=\"720\" height=\"898\" src=\"https:\/\/www.thea.cz\/zpivam\/wp-content\/uploads\/2026\/01\/zpivam-kluci-tezsi-to-maj.jpg\" alt=\"\" class=\"wp-image-367\" srcset=\"https:\/\/www.thea.cz\/zpivam\/wp-content\/uploads\/2026\/01\/zpivam-kluci-tezsi-to-maj.jpg 720w, https:\/\/www.thea.cz\/zpivam\/wp-content\/uploads\/2026\/01\/zpivam-kluci-tezsi-to-maj-241x300.jpg 241w\" sizes=\"auto, (max-width: 720px) 100vw, 720px\" \/><\/figure>\n","protected":false},"excerpt":{"rendered":"<p>Zn\u00e1te tu p\u00edsni\u010dku od Brontosaur\u016f, \u017ee jo? Jen ve zp\u011bvu to maj\u00ed t\u011b\u017e\u0161\u00ed kluci. \u266b V\u011bt\u0161ina sm\u00ed\u0161en\u00fdch sbor\u016f hled\u00e1 mu\u017esk\u00e9 hlasy, m\u00edsty je z toho p\u0159etahovan\u00e1 mezi sbory. Skv\u011bl\u00fd bas nebo tenor b\u00fdv\u00e1 pro sbor \u010dasto d\u016fle\u017eit\u011bj\u0161\u00ed ne\u017e skv\u011bl\u00e1 sopranistka. P\u0159em\u00fd\u0161leli jste n\u011bkdy, pro\u010d zp\u00edv\u00e1 tak m\u00e1lo chlap\u016f? Nebude to jenom t\u00edm, \u017ee cht\u011bj\u00ed rad\u011bji [&hellip;]<\/p>\n","protected":false},"author":1,"featured_media":369,"comment_status":"open","ping_status":"open","sticky":false,"template":"","format":"standard","meta":{"footnotes":""},"categories":[1],"tags":[],"class_list":["post-365","post","type-post","status-publish","format-standard","has-post-thumbnail","hentry","category-nezarazene"],"_links":{"self":[{"href":"https:\/\/www.thea.cz\/zpivam\/wp-json\/wp\/v2\/posts\/365","targetHints":{"allow":["GET"]}}],"collection":[{"href":"https:\/\/www.thea.cz\/zpivam\/wp-json\/wp\/v2\/posts"}],"about":[{"href":"https:\/\/www.thea.cz\/zpivam\/wp-json\/wp\/v2\/types\/post"}],"author":[{"embeddable":true,"href":"https:\/\/www.thea.cz\/zpivam\/wp-json\/wp\/v2\/users\/1"}],"replies":[{"embeddable":true,"href":"https:\/\/www.thea.cz\/zpivam\/wp-json\/wp\/v2\/comments?post=365"}],"version-history":[{"count":1,"href":"https:\/\/www.thea.cz\/zpivam\/wp-json\/wp\/v2\/posts\/365\/revisions"}],"predecessor-version":[{"id":368,"href":"https:\/\/www.thea.cz\/zpivam\/wp-json\/wp\/v2\/posts\/365\/revisions\/368"}],"wp:featuredmedia":[{"embeddable":true,"href":"https:\/\/www.thea.cz\/zpivam\/wp-json\/wp\/v2\/media\/369"}],"wp:attachment":[{"href":"https:\/\/www.thea.cz\/zpivam\/wp-json\/wp\/v2\/media?parent=365"}],"wp:term":[{"taxonomy":"category","embeddable":true,"href":"https:\/\/www.thea.cz\/zpivam\/wp-json\/wp\/v2\/categories?post=365"},{"taxonomy":"post_tag","embeddable":true,"href":"https:\/\/www.thea.cz\/zpivam\/wp-json\/wp\/v2\/tags?post=365"}],"curies":[{"name":"wp","href":"https:\/\/api.w.org\/{rel}","templated":true}]}}