{"id":362,"date":"2024-01-03T12:53:29","date_gmt":"2024-01-03T11:53:29","guid":{"rendered":"https:\/\/www.thea.cz\/zpivam\/?p=362"},"modified":"2026-01-03T12:55:32","modified_gmt":"2026-01-03T11:55:32","slug":"technika-jako-past","status":"publish","type":"post","link":"https:\/\/www.thea.cz\/zpivam\/2024\/01\/03\/technika-jako-past\/","title":{"rendered":"Technika jako past"},"content":{"rendered":"\n<p>Na Zp\u00edv\u00e1m se v\u011bnuji v\u011bt\u0161inou technice, proto\u017ee v\u0161echny ty technick\u00fd vychyt\u00e1vky jsou pro m\u011b samotnou tak\u00e9 moc d\u016fle\u017eit\u00e9. <a><\/a>Nejsem toti\u017e z t\u011bch, kter\u00fdm by to \u0161lo tak n\u011bjak samo, ani jsem to neum\u011bla d\u0159\u00edv ide\u00e1ln\u011b odposlouchat.<\/p>\n\n\n\n<p>Jen\u017ee z m\u00e9ho pohledu technika nen\u00ed to nejd\u016fle\u017eit\u011bj\u0161\u00ed, a dokonce m\u016f\u017ee b\u00fdt i past\u00ed.<\/p>\n\n\n\n<p>Jako nejd\u016fle\u017eit\u011bj\u0161\u00ed vn\u00edm\u00e1m osobn\u00ed otisk du\u0161e a emoc\u00ed zp\u011bv\u00e1ka do p\u00edsn\u011b. Mnoho v\u0161eobecn\u011b obl\u00edben\u00fdch zp\u011bv\u00e1k\u016f nem\u00e1 ide\u00e1ln\u00ed techniku, ale stejn\u011b je milujeme. Z m\u00e9ho pohledu n\u00e1m m\u00e1 technika slou\u017eit, abychom mohli vyj\u00e1d\u0159it to, co chceme tak, jak chceme. A kdy\u017e j\u00ed je moc, m\u016f\u017ee se st\u00e1t past\u00ed.<\/p>\n\n\n\n<p>Pro m\u011b osobn\u011b je nejhez\u010d\u00ed, kdy\u017e zn\u00ed zp\u011bv\u00e1k autenticky a v\u011b\u0159\u00edm mu co zp\u00edv\u00e1. Samoz\u0159ejm\u011b je to jinak u muzik\u00e1lov\u00fdch zp\u011bv\u00e1k\u016f, kte\u0159\u00ed se i se sv\u00fdm hlasem mus\u00ed p\u0159evl\u00e9kat do r\u016fzn\u00fdch rol\u00ed, tedy pak nesly\u0161\u00edme tu konkr\u00e9tn\u00ed zp\u011bva\u010dku, ale postavu role.<\/p>\n\n\n\n<p>\ud835\uddd4 \ud835\uddf8\ud835\uddf1\ud835\uddf2 \ud835\uddf7\ud835\uddf2 \ud835\ude01\ud835\uddee \ud835\uddfd\ud835\uddee\ud835\ude00\ud835\ude01<img loading=\"lazy\" decoding=\"async\" height=\"16\" width=\"16\" alt=\"\u2753\" src=\"https:\/\/static.xx.fbcdn.net\/images\/emoji.php\/v9\/t4c\/1\/16\/2753.png\"><\/p>\n\n\n\n<p>T\u011bmto zp\u011bv\u00e1k\u016fm se m\u016f\u017ee st\u00e1t, \u017ee u\u017e nev\u00ed, kter\u00fd hlas a barva je ta \u201ejejich\u201c. Sice nezp\u00edv\u00e1m muzik\u00e1l, ale bohu\u017eel se to t\u00fdk\u00e1 i m\u011b. Po hodin\u011b se sopranistkou mluv\u00edm pon\u011bkud v\u00fd\u0161, (V\u00edte v jak\u00e9 poloze je zdrav\u00e9 mluvit?) stejn\u011b tak po hodin\u011b s tenorem a na konci zkou\u0161ky se sborem b\u00fdv\u00e1m sv\u00e9mu hlasu celkem vzd\u00e1lena, proto\u017ee se sna\u017e\u00edm v\u00e9zt n\u011bkoho s jinou barvou hlasu.<\/p>\n\n\n\n<p>Je\u0161t\u011b zr\u00e1dn\u011bj\u0161\u00ed pova\u017euji techniky jako \ud835\uddd6\ud835\udde9\ud835\udde7 a \ud835\uddd8\ud835\ude00\ud835\ude01\ud835\uddf6\ud835\uddf9\ud835\uddf9 \ud835\udde9\ud835\uddfc\ud835\uddf6\ud835\uddf0\ud835\uddf2 \ud835\udde7\ud835\uddff\ud835\uddee\ud835\uddf6\ud835\uddfb\ud835\uddf6\ud835\uddfb\ud835\uddf4. Jsou skv\u011bl\u00e9 a zaj\u00edmav\u00e9 a zvl\u00e1\u0161\u0165 Estill m\u011b bav\u00ed t\u00edm, jak ovl\u00e1d\u00e1 jednotliv\u00e9 sou\u010d\u00e1stky. Ale komu z frekventant\u016f kurzu se nestalo, \u017ee si \u0159\u00edkal: Tak a te\u010f budu zp\u00edvat jako Whitney Houston, Seal, Karel Gott, Axl Rose\u2026.?<\/p>\n\n\n\n<p>Ty techniky jsou skv\u011bl\u00e9 a krom toho, \u017ee jsem te\u010f sou\u010d\u00e1st\u00ed jednoho Estill v\u00fdcviku se samoz\u0159ejm\u011b chyst\u00e1m i na dal\u0161\u00ed CVT, ale p\u0159ijde mi z\u00e1sadn\u00ed udr\u017eovat si pov\u011bdom\u00ed o tom, co je m\u016fj hlas, jak zn\u00edm autenticky jako j\u00e1 \u2013 Tereza. V\u017edycky, kdy\u017e n\u011bkdo z m\u00fdch student\u016f zp\u00edv\u00e1 dle m\u00e9ho skv\u011ble, m\u00e1m z toho pocit, \u017ee kone\u010dn\u011b zp\u00edv\u00e1, jako on s\u00e1m \u2013 tedy Lenka jako Lenka, Pavel jako Pavel atd.<\/p>\n\n\n\n<p>A z hlediska sboru \u2013 nen\u00ed pro m\u011b v\u011bt\u0161\u00ed lab\u016f\u017eo, ne\u017e sly\u0161et skupinu zp\u00edvat tak, \u017ee se oz\u00fdvaj\u00ed autentick\u00e9 hlasy \u2013 jen s ur\u010dit\u00fdm ohledem na ostatn\u00ed. Nebav\u00ed m\u011b tmaven\u00e9 sopr\u00e1ny, sv\u011btlen\u00e9 alty a podobn\u00e9 v\u011bci. Miluju kdy\u017e sly\u0161\u00edm zp\u00edvat TY KONKR\u00c9TN\u00cd LIDI A OSOBNOSTI, kter\u00e9 v tu chv\u00edli zp\u00edvaj\u00ed.<\/p>\n\n\n\n<p>Co si o tom mysl\u00edte vy?<\/p>\n\n\n\n<p>Je to moje \u00fachylka?<\/p>\n\n\n\n<p>A v\u00edte, jak vysoko bychom m\u011bli spr\u00e1vn\u011b mluvit?<\/p>\n","protected":false},"excerpt":{"rendered":"<p>Na Zp\u00edv\u00e1m se v\u011bnuji v\u011bt\u0161inou technice, proto\u017ee v\u0161echny ty technick\u00fd vychyt\u00e1vky jsou pro m\u011b samotnou tak\u00e9 moc d\u016fle\u017eit\u00e9. Nejsem toti\u017e z t\u011bch, kter\u00fdm by to \u0161lo tak n\u011bjak samo, ani jsem to neum\u011bla d\u0159\u00edv ide\u00e1ln\u011b odposlouchat. Jen\u017ee z m\u00e9ho pohledu technika nen\u00ed to nejd\u016fle\u017eit\u011bj\u0161\u00ed, a dokonce m\u016f\u017ee b\u00fdt i past\u00ed. Jako nejd\u016fle\u017eit\u011bj\u0161\u00ed vn\u00edm\u00e1m osobn\u00ed otisk [&hellip;]<\/p>\n","protected":false},"author":1,"featured_media":364,"comment_status":"open","ping_status":"open","sticky":false,"template":"","format":"standard","meta":{"footnotes":""},"categories":[1],"tags":[],"class_list":["post-362","post","type-post","status-publish","format-standard","has-post-thumbnail","hentry","category-nezarazene"],"_links":{"self":[{"href":"https:\/\/www.thea.cz\/zpivam\/wp-json\/wp\/v2\/posts\/362","targetHints":{"allow":["GET"]}}],"collection":[{"href":"https:\/\/www.thea.cz\/zpivam\/wp-json\/wp\/v2\/posts"}],"about":[{"href":"https:\/\/www.thea.cz\/zpivam\/wp-json\/wp\/v2\/types\/post"}],"author":[{"embeddable":true,"href":"https:\/\/www.thea.cz\/zpivam\/wp-json\/wp\/v2\/users\/1"}],"replies":[{"embeddable":true,"href":"https:\/\/www.thea.cz\/zpivam\/wp-json\/wp\/v2\/comments?post=362"}],"version-history":[{"count":1,"href":"https:\/\/www.thea.cz\/zpivam\/wp-json\/wp\/v2\/posts\/362\/revisions"}],"predecessor-version":[{"id":363,"href":"https:\/\/www.thea.cz\/zpivam\/wp-json\/wp\/v2\/posts\/362\/revisions\/363"}],"wp:featuredmedia":[{"embeddable":true,"href":"https:\/\/www.thea.cz\/zpivam\/wp-json\/wp\/v2\/media\/364"}],"wp:attachment":[{"href":"https:\/\/www.thea.cz\/zpivam\/wp-json\/wp\/v2\/media?parent=362"}],"wp:term":[{"taxonomy":"category","embeddable":true,"href":"https:\/\/www.thea.cz\/zpivam\/wp-json\/wp\/v2\/categories?post=362"},{"taxonomy":"post_tag","embeddable":true,"href":"https:\/\/www.thea.cz\/zpivam\/wp-json\/wp\/v2\/tags?post=362"}],"curies":[{"name":"wp","href":"https:\/\/api.w.org\/{rel}","templated":true}]}}