{"id":351,"date":"2022-05-31T12:28:53","date_gmt":"2022-05-31T10:28:53","guid":{"rendered":"https:\/\/www.thea.cz\/zpivam\/?p=351"},"modified":"2026-01-03T12:29:53","modified_gmt":"2026-01-03T11:29:53","slug":"mekke-patro","status":"publish","type":"post","link":"https:\/\/www.thea.cz\/zpivam\/2022\/05\/31\/mekke-patro\/","title":{"rendered":"M\u011bkk\u00e9 patro"},"content":{"rendered":"\n<p>M\u011bkk\u00e9 patro <a><\/a>je sice moc d\u016fle\u017eit\u00e1 sou\u010d\u00e1stka, ale ob\u010das se n\u00e1m plete do zp\u00edv\u00e1n\u00ed tak, jak nechceme. N\u011bkdy se n\u00e1m dokonce sna\u017e\u00ed pomoci s lad\u011bn\u00edm a to u\u017e v\u016fbec nechceme. Kdy\u017e je ve velk\u00e9m nap\u011bt\u00ed, m\u016f\u017ee p\u0159i zp\u00edv\u00e1n\u00ed i bolet.<\/p>\n\n\n\n<p>M\u011bkk\u00e9 patro si p\u0159i mluven\u00ed \u017eije tak trochu vlastn\u00edm \u017eivotem a t\u0159eba p\u0159i D a B se zvedne tak, \u017ee uzav\u0159e cestu do nosu a nepust\u00ed tam vzduch. Bez toho uzav\u0159en\u00e9ho nosu by n\u00e1m toti\u017e nezazn\u011blo D, ale sp\u00ed\u0161 n\u011bco jako N. P\u0159i N a M jde zase n\u00ed\u017e a t\u0159eba p\u0159i NG se spojuje s ko\u0159enem jazyka.<\/p>\n\n\n\n<p>Kdy\u017e je m\u011bkk\u00e9 patro p\u0159\u00edli\u0161 n\u00edzko, m\u00e1me \ud835\ude62\ud835\ude63\u030c\ud835\ude64\ud835\ude6a\ud835\ude60\ud835\ude56\ud835\ude6b\ud835\ude6e\u0301 \ud835\ude6f\ud835\ude6b\ud835\ude6a\ud835\ude60 a ten b\u00fdv\u00e1 sp\u00ed\u0161 ne\u017e\u00e1douc\u00ed. Tak\u00e9 se ob\u010das cpe m\u011bkk\u00e9 patro n\u00ed\u017e, kdy\u017e chceme, aby n\u00e1m zn\u011blo brumendo spr\u00e1vn\u011b. Jen\u017ee ten zvuk je pak sp\u00ed\u0161 nosov\u00fd, ne\u017e \u017ee by to byly dob\u0159e rozezn\u011bl\u00e9 vedlej\u0161\u00ed nosn\u00ed dutiny.<\/p>\n\n\n\n<p>Pomoci si m\u016f\u017eeme ucp\u00e1n\u00edm nosu, nebo zp\u011bvem na DADA, Dede.<\/p>\n\n\n\n<p>N\u011bkter\u00fdm lidem se sni\u017euje, kdy\u017e se c\u00edt\u00ed nejist\u011b intona\u010dn\u011b, a tak si cht\u011bj\u00ed s lad\u011bn\u00edm takto pomoci, co\u017e bohu\u017eel moc nefunguje. \u010casto to b\u00fdv\u00e1 ve skoc\u00edch, ale m\u016f\u017ee to b\u00fdt i t\u0159eba v n\u011bjak\u00e9 nejist\u00e9 oblasti rozsahu.<\/p>\n\n\n\n<p>Ale cvi\u010den\u00ed s ucpan\u00fdm nosem, \u010di na D pom\u00e1h\u00e1 <img loading=\"lazy\" decoding=\"async\" height=\"16\" width=\"16\" alt=\"\ud83d\ude0a\" src=\"https:\/\/static.xx.fbcdn.net\/images\/emoji.php\/v9\/t7f\/1\/16\/1f60a.png\">.<\/p>\n\n\n\n<p>Pod\u00edvejte se na <a href=\"https:\/\/youtu.be\/F3b19cEwOxs\" data-type=\"link\" data-id=\"https:\/\/youtu.be\/F3b19cEwOxs\" target=\"_blank\" rel=\"noreferrer noopener\">video k t\u00e9matu<\/a>&#8230;<\/p>\n\n\n\n<p>Co d\u011bl\u00e1 m\u011bkk\u00e9 patro v\u00e1m?<\/p>\n","protected":false},"excerpt":{"rendered":"<p>M\u011bkk\u00e9 patro je sice moc d\u016fle\u017eit\u00e1 sou\u010d\u00e1stka, ale ob\u010das se n\u00e1m plete do zp\u00edv\u00e1n\u00ed tak, jak nechceme. N\u011bkdy se n\u00e1m dokonce sna\u017e\u00ed pomoci s lad\u011bn\u00edm a to u\u017e v\u016fbec nechceme. Kdy\u017e je ve velk\u00e9m nap\u011bt\u00ed, m\u016f\u017ee p\u0159i zp\u00edv\u00e1n\u00ed i bolet. M\u011bkk\u00e9 patro si p\u0159i mluven\u00ed \u017eije tak trochu vlastn\u00edm \u017eivotem a t\u0159eba p\u0159i D a [&hellip;]<\/p>\n","protected":false},"author":1,"featured_media":353,"comment_status":"open","ping_status":"open","sticky":false,"template":"","format":"standard","meta":{"footnotes":""},"categories":[1],"tags":[],"class_list":["post-351","post","type-post","status-publish","format-standard","has-post-thumbnail","hentry","category-nezarazene"],"_links":{"self":[{"href":"https:\/\/www.thea.cz\/zpivam\/wp-json\/wp\/v2\/posts\/351","targetHints":{"allow":["GET"]}}],"collection":[{"href":"https:\/\/www.thea.cz\/zpivam\/wp-json\/wp\/v2\/posts"}],"about":[{"href":"https:\/\/www.thea.cz\/zpivam\/wp-json\/wp\/v2\/types\/post"}],"author":[{"embeddable":true,"href":"https:\/\/www.thea.cz\/zpivam\/wp-json\/wp\/v2\/users\/1"}],"replies":[{"embeddable":true,"href":"https:\/\/www.thea.cz\/zpivam\/wp-json\/wp\/v2\/comments?post=351"}],"version-history":[{"count":1,"href":"https:\/\/www.thea.cz\/zpivam\/wp-json\/wp\/v2\/posts\/351\/revisions"}],"predecessor-version":[{"id":352,"href":"https:\/\/www.thea.cz\/zpivam\/wp-json\/wp\/v2\/posts\/351\/revisions\/352"}],"wp:featuredmedia":[{"embeddable":true,"href":"https:\/\/www.thea.cz\/zpivam\/wp-json\/wp\/v2\/media\/353"}],"wp:attachment":[{"href":"https:\/\/www.thea.cz\/zpivam\/wp-json\/wp\/v2\/media?parent=351"}],"wp:term":[{"taxonomy":"category","embeddable":true,"href":"https:\/\/www.thea.cz\/zpivam\/wp-json\/wp\/v2\/categories?post=351"},{"taxonomy":"post_tag","embeddable":true,"href":"https:\/\/www.thea.cz\/zpivam\/wp-json\/wp\/v2\/tags?post=351"}],"curies":[{"name":"wp","href":"https:\/\/api.w.org\/{rel}","templated":true}]}}