{"id":348,"date":"2022-04-29T12:21:00","date_gmt":"2022-04-29T10:21:00","guid":{"rendered":"https:\/\/www.thea.cz\/zpivam\/?p=348"},"modified":"2026-01-03T12:22:49","modified_gmt":"2026-01-03T11:22:49","slug":"krize","status":"publish","type":"post","link":"https:\/\/www.thea.cz\/zpivam\/2022\/04\/29\/krize\/","title":{"rendered":"Krize"},"content":{"rendered":"\n<p>V posledn\u00ed dob\u011b sl\u00fdch\u00e1m od sv\u00fdch sborist\u016f a student\u016f, \u017ee maj\u00ed p\u011bveckou krizi (asi je krizov\u00e9 obdob\u00ed). Kdy\u017e se pt\u00e1m, co je tr\u00e1p\u00ed <a><\/a>odpov\u011bdi b\u00fdvaj\u00ed:<\/p>\n\n\n\n<p>Furt nezp\u00edv\u00e1m dost pevn\u011b, zn\u011ble, \u010dist\u011b, v n\u011bkter\u00fdch m\u00edstech jsem nep\u0159esn\u011b. Nel\u00edb\u00ed se mi barva m\u00e9ho hlasu (je to usk\u0159\u00edpl\u00e9, \u0161ustiv\u00e9, moc n\u011bjak\u00e9\u2026). Nejsem dob\u0159e v rytmu, neum\u00edm d\u00e1t p\u00edsni ten spr\u00e1vn\u00fd v\u00fdraz a tak d\u00e1le. Ob\u010das se n\u011bkte\u0159\u00ed c\u00edt\u00ed tak mizern\u011b, \u017ee cht\u011bj\u00ed p\u0159estat zp\u00edvat.<\/p>\n\n\n\n<p>Jen\u017ee kdy\u017e se o konkr\u00e9tn\u00edch probl\u00e9mech za\u010dneme bavit, uk\u00e1\u017ee se, \u017ee doty\u010dn\u00fd zp\u00edv\u00e1 t\u0159eba podstatn\u011b p\u0159esn\u011bji ne\u017e d\u0159\u00edv. Jen\u017ee se mu zlep\u0161ilo i sly\u0161en\u00ed, a tak sly\u0161\u00ed drobn\u011bj\u0161\u00ed odchylky a t\u00edm p\u00e1dem m\u00e1 pocit, \u017ee zp\u00edv\u00e1 h\u016f\u0159 ne\u017e d\u0159\u00edv. Ti, kte\u0159\u00ed si st\u011b\u017euj\u00ed na barvu hlasu, jsou schopni sv\u016fj hlas l\u00e9pe ovl\u00e1dat a z\u00e1rove\u0148 sly\u0161et drobn\u011bj\u0161\u00ed barevn\u00e9 rozd\u00edly. A tak se to opakuje i s dal\u0161\u00edmi probl\u00e9my. Samoz\u0159ejm\u011b se objevuj\u00ed krize, kter\u00e9 vznikly kv\u016fli n\u011bjak\u00e9 indispozici, ale o t\u011bch ps\u00e1t dnes nechci.<\/p>\n\n\n\n<p>\ud835\udc72\ud835\udc93\ud835\udc8a\ud835\udc9b\ud835\udc86 \ud835\udc95\ud835\udc90\ud835\udc95\ud835\udc8a\ud835\udc9b\u030c \ud835\udc84\u030c\ud835\udc82\ud835\udc94\ud835\udc95\ud835\udc90 \ud835\udc91\ud835\udc93\u030c\ud835\udc8a\ud835\udc84\ud835\udc89\ud835\udc82\u0301\ud835\udc9b\ud835\udc8a\u0301, \ud835\udc8c\ud835\udc85\ud835\udc9a\ud835\udc9b\u030c \ud835\udc9b\ud835\udc82\ud835\udc84\u030c\ud835\udc8a\u0301\ud835\udc8f\ud835\udc82\u0301\ud835\udc8e\ud835\udc86 \ud835\udc97\ud835\udc86\u030c\ud835\udc85\ud835\udc86\u030c\ud835\udc95 \ud835\udc97\ud835\udc8a\u0301\ud835\udc84 \ud835\udc82 \ud835\udc94\ud835\udc8d\ud835\udc9a\ud835\udc94\u030c\ud835\udc86\ud835\udc95 \ud835\udc97\ud835\udc8a\u0301\ud835\udc84. Najednou v\u00edme p\u0159esn\u011bji, co bychom od sv\u00e9ho hlasu r\u00e1di, a tak se p\u0159ed n\u00e1mi objev\u00ed hora dal\u0161\u00edch p\u0159\u00e1n\u00ed a \u00fakol\u016f, o kter\u00fdch jsme p\u0159ed \u010dasem nem\u011bli tu\u0161en\u00ed. \u010casto mi ti zp\u011bv\u00e1ci v krizi pokl\u00e1daj\u00ed podstatn\u011b slo\u017eit\u011bj\u0161\u00ed a erudovan\u011bj\u0161\u00ed ot\u00e1zky ne\u017e d\u0159\u00edv. \ud835\ude1b\ud835\ude22 \ud835\ude34\ud835\ude2a\ud835\ude35\ud835\ude36\ud835\ude22\ud835\ude24\ud835\ude26 \ud835\ude23\ud835\ude3a\u0301\ud835\ude37\ud835\ude22\u0301 \ud835\ude22\ud835\ude3b\u030c \ud835\ude37\ud835\ude35\ud835\ude2a\ud835\ude31\ud835\ude2f\ud835\ude22\u0301 kdy\u017e se m\u011b ptaj\u00ed na n\u011bco, o \u010dem p\u0159ed p\u00e1r m\u011bs\u00edci nem\u011bli tu\u0161en\u00ed. Oni se p\u0159itom c\u00edt\u00ed mizern\u011b (\u017ee to neum\u00ed), zat\u00edmco j\u00e1 jsem cel\u00e1 nad\u0161en\u00e1, co v\u0161echno nov\u00e9ho v\u00ed a sly\u0161\u00ed. V\u011bt\u0161inou chv\u00edli trv\u00e1, ne\u017e si uv\u011bdom\u00ed, \u017ee se vlastn\u011b zlep\u0161ili a posunuli d\u00e1l.<\/p>\n\n\n\n<p>Jak z takov\u00e9 krize ven?<\/p>\n\n\n\n<p>Ide\u00e1ln\u00ed je, pokud m\u016f\u017eeme porovnat sv\u00e9 schopnosti p\u0159ed \u010dasem a nyn\u00ed d\u00edky n\u011bjak\u00e9 nahr\u00e1vce. \u010casto v\u0161ak sta\u010d\u00ed, kdy\u017e si vzpomeneme na to, co n\u00e1m d\u0159\u00edv d\u011blalo probl\u00e9m a te\u010f se to zd\u00e1 lehk\u00e9.<\/p>\n\n\n\n<p>Stejn\u011b v\u0161ak pova\u017euji nejd\u016fle\u017eit\u011bj\u0161\u00ed argument PRO\u010c ZP\u00cdVAT to, \u017ee n\u00e1s to bav\u00ed a d\u011bl\u00e1 n\u00e1m to dob\u0159e. Ostatn\u00ed je vedlej\u0161\u00ed. Samoz\u0159ejm\u011b m\u016f\u017eeme sledovat i dal\u0161\u00ed c\u00edle, ale pokud n\u00e1s to bav\u00ed a d\u011bl\u00e1 n\u00e1m to dob\u0159e, nen\u00ed d\u016fvod cokoliv vzd\u00e1vat.<\/p>\n","protected":false},"excerpt":{"rendered":"<p>V posledn\u00ed dob\u011b sl\u00fdch\u00e1m od sv\u00fdch sborist\u016f a student\u016f, \u017ee maj\u00ed p\u011bveckou krizi (asi je krizov\u00e9 obdob\u00ed). Kdy\u017e se pt\u00e1m, co je tr\u00e1p\u00ed odpov\u011bdi b\u00fdvaj\u00ed: Furt nezp\u00edv\u00e1m dost pevn\u011b, zn\u011ble, \u010dist\u011b, v n\u011bkter\u00fdch m\u00edstech jsem nep\u0159esn\u011b. Nel\u00edb\u00ed se mi barva m\u00e9ho hlasu (je to usk\u0159\u00edpl\u00e9, \u0161ustiv\u00e9, moc n\u011bjak\u00e9\u2026). Nejsem dob\u0159e v rytmu, neum\u00edm d\u00e1t p\u00edsni [&hellip;]<\/p>\n","protected":false},"author":1,"featured_media":350,"comment_status":"open","ping_status":"open","sticky":false,"template":"","format":"standard","meta":{"footnotes":""},"categories":[1],"tags":[],"class_list":["post-348","post","type-post","status-publish","format-standard","has-post-thumbnail","hentry","category-nezarazene"],"_links":{"self":[{"href":"https:\/\/www.thea.cz\/zpivam\/wp-json\/wp\/v2\/posts\/348","targetHints":{"allow":["GET"]}}],"collection":[{"href":"https:\/\/www.thea.cz\/zpivam\/wp-json\/wp\/v2\/posts"}],"about":[{"href":"https:\/\/www.thea.cz\/zpivam\/wp-json\/wp\/v2\/types\/post"}],"author":[{"embeddable":true,"href":"https:\/\/www.thea.cz\/zpivam\/wp-json\/wp\/v2\/users\/1"}],"replies":[{"embeddable":true,"href":"https:\/\/www.thea.cz\/zpivam\/wp-json\/wp\/v2\/comments?post=348"}],"version-history":[{"count":1,"href":"https:\/\/www.thea.cz\/zpivam\/wp-json\/wp\/v2\/posts\/348\/revisions"}],"predecessor-version":[{"id":349,"href":"https:\/\/www.thea.cz\/zpivam\/wp-json\/wp\/v2\/posts\/348\/revisions\/349"}],"wp:featuredmedia":[{"embeddable":true,"href":"https:\/\/www.thea.cz\/zpivam\/wp-json\/wp\/v2\/media\/350"}],"wp:attachment":[{"href":"https:\/\/www.thea.cz\/zpivam\/wp-json\/wp\/v2\/media?parent=348"}],"wp:term":[{"taxonomy":"category","embeddable":true,"href":"https:\/\/www.thea.cz\/zpivam\/wp-json\/wp\/v2\/categories?post=348"},{"taxonomy":"post_tag","embeddable":true,"href":"https:\/\/www.thea.cz\/zpivam\/wp-json\/wp\/v2\/tags?post=348"}],"curies":[{"name":"wp","href":"https:\/\/api.w.org\/{rel}","templated":true}]}}