{"id":292,"date":"2022-11-21T19:07:57","date_gmt":"2022-11-21T18:07:57","guid":{"rendered":"https:\/\/www.thea.cz\/zpivam\/?p=292"},"modified":"2026-01-01T19:08:31","modified_gmt":"2026-01-01T18:08:31","slug":"gdan","status":"publish","type":"post","link":"https:\/\/www.thea.cz\/zpivam\/2022\/11\/21\/gdan\/","title":{"rendered":"Gda\u014b!"},"content":{"rendered":"\n<p>Mil\u00ed zp\u011bv\u00e1ci, m\u00e1m pro v\u00e1s jedno cvi\u010den\u00ed, kter\u00e9 n\u011bkter\u00fdm z v\u00e1s m\u016f\u017ee pomoci k jasn\u011bj\u0161\u00edmu t\u00f3nu. Pokud pou\u017e\u00edv\u00e1te CVT nebo metodu Estill voice trainig, tak to pro v\u00e1s nebude nic nov\u00e9ho, ale t\u0159eba se to bude hodit i v\u00e1m.<\/p>\n\n\n\n<p>Je to <strong>zp\u00edv\u00e1n\u00ed slabiky\u00a0<em>gda\u014b<\/em><\/strong>. Samoz\u0159ejm\u011b lze zam\u011bnit za gde\u014b, gdi\u014b a tak d\u00e1le. Na konci je \u014b, kter\u00e9 pou\u017e\u00edv\u00e1me, pokud je ve slov\u011b ng za sebou- jako t\u0159eba Mongolsko, nebo angli\u010dtina. NG spojujeme do nosovky \u014b.<\/p>\n\n\n\n<p>T<strong>ohle cvi\u010den\u00ed je dobr\u00e9 pro nalezen\u00ed ide\u00e1ln\u00edho prostoru v oblasti na\u0161eho m\u011bkk\u00e9ho patra a ko\u0159ene jazyka.<\/strong> Ur\u010dit\u011b jste sly\u0161eli n\u011bkdy, \u017ee si m\u00e1te p\u0159i zp\u00edv\u00e1n\u00ed z\u00edvnout, otev\u0159\u00edt krk, nebo <strong>zp\u00edvat s horkou bramborou<\/strong>. Pokud to byl pro v\u00e1s z\u00e1sadn\u00ed pokyn, m\u016f\u017ee se st\u00e1t, \u017ee se ko\u0159en jazyka dost\u00e1v\u00e1 trvale do nap\u011bt\u00ed, nebo m\u011bkk\u00e9 patro nepracuje tak voln\u011b, jak by m\u011blo. V\u011bt\u0161inou pak takov\u00ed zp\u011bv\u00e1ci maj\u00ed v krku prostoru moc a jejich zvuk je pon\u011bkud dut\u00fd.<\/p>\n\n\n\n<p>Proto\u017ee se <strong>svaly v krku<\/strong> t\u011b\u017eko uvol\u0148uj\u00ed <strong>\u201ena povel\u201c<\/strong>, tohle cvi\u010den\u00ed v\u00e1m m\u016f\u017ee pomoci. P\u0159i gda\u014b se toti\u017e prostor kolem ko\u0159ene jazyka a m\u011bkk\u00e9ho patra h\u00fdbe. P\u0159i d jde m\u011bkk\u00e9 patro nahoru, p\u0159i \u014b se zase spoj\u00ed s ko\u0159enem jazyka, p\u0159i a se to v\u0161echno zase rozpoj\u00ed, prost\u011b to tam d\u011bl\u00e1 veleto\u010de. <strong>Jen to vyzkou\u0161ejte! On se po tomto cvi\u010den\u00ed zlep\u0161il t\u00f3n i t\u011bch zp\u011bv\u00e1k\u016f, kte\u0159\u00ed dut\u00fd zvuk nemaj\u00ed\u00a0<\/strong><img loading=\"lazy\" decoding=\"async\" height=\"16\" width=\"16\" src=\"https:\/\/static.xx.fbcdn.net\/images\/emoji.php\/v9\/t7f\/1\/16\/1f60a.png\" alt=\"\ud83d\ude0a\">.<\/p>\n\n\n\n<p>Moc m\u011b zaj\u00edm\u00e1, jak to na v\u00e1s bude fungovat. Testovala jsem to na lidech \u2013 jednotlivc\u00edch i skupin\u00e1ch a v\u00fdsledky byly a\u017e p\u0159ekvapiv\u00e9.<\/p>\n","protected":false},"excerpt":{"rendered":"<p>Mil\u00ed zp\u011bv\u00e1ci, m\u00e1m pro v\u00e1s jedno cvi\u010den\u00ed, kter\u00e9 n\u011bkter\u00fdm z v\u00e1s m\u016f\u017ee pomoci k jasn\u011bj\u0161\u00edmu t\u00f3nu. Pokud pou\u017e\u00edv\u00e1te CVT nebo metodu Estill voice trainig, tak to pro v\u00e1s nebude nic nov\u00e9ho, ale t\u0159eba se to bude hodit i v\u00e1m. Je to zp\u00edv\u00e1n\u00ed slabiky\u00a0gda\u014b. Samoz\u0159ejm\u011b lze zam\u011bnit za gde\u014b, gdi\u014b a tak d\u00e1le. Na konci je [&hellip;]<\/p>\n","protected":false},"author":1,"featured_media":0,"comment_status":"open","ping_status":"open","sticky":false,"template":"","format":"standard","meta":{"footnotes":""},"categories":[1],"tags":[],"class_list":["post-292","post","type-post","status-publish","format-standard","hentry","category-nezarazene"],"_links":{"self":[{"href":"https:\/\/www.thea.cz\/zpivam\/wp-json\/wp\/v2\/posts\/292","targetHints":{"allow":["GET"]}}],"collection":[{"href":"https:\/\/www.thea.cz\/zpivam\/wp-json\/wp\/v2\/posts"}],"about":[{"href":"https:\/\/www.thea.cz\/zpivam\/wp-json\/wp\/v2\/types\/post"}],"author":[{"embeddable":true,"href":"https:\/\/www.thea.cz\/zpivam\/wp-json\/wp\/v2\/users\/1"}],"replies":[{"embeddable":true,"href":"https:\/\/www.thea.cz\/zpivam\/wp-json\/wp\/v2\/comments?post=292"}],"version-history":[{"count":1,"href":"https:\/\/www.thea.cz\/zpivam\/wp-json\/wp\/v2\/posts\/292\/revisions"}],"predecessor-version":[{"id":293,"href":"https:\/\/www.thea.cz\/zpivam\/wp-json\/wp\/v2\/posts\/292\/revisions\/293"}],"wp:attachment":[{"href":"https:\/\/www.thea.cz\/zpivam\/wp-json\/wp\/v2\/media?parent=292"}],"wp:term":[{"taxonomy":"category","embeddable":true,"href":"https:\/\/www.thea.cz\/zpivam\/wp-json\/wp\/v2\/categories?post=292"},{"taxonomy":"post_tag","embeddable":true,"href":"https:\/\/www.thea.cz\/zpivam\/wp-json\/wp\/v2\/tags?post=292"}],"curies":[{"name":"wp","href":"https:\/\/api.w.org\/{rel}","templated":true}]}}