{"id":250,"date":"2025-04-16T18:04:00","date_gmt":"2025-04-16T16:04:00","guid":{"rendered":"https:\/\/www.thea.cz\/zpivam\/?p=250"},"modified":"2026-01-01T17:13:36","modified_gmt":"2026-01-01T16:13:36","slug":"hlas","status":"publish","type":"post","link":"https:\/\/www.thea.cz\/zpivam\/2025\/04\/16\/hlas\/","title":{"rendered":"Hlas&#8230;"},"content":{"rendered":"\n<p>&#8230;<strong>je odrazem na\u0161\u00ed osobnosti, hlavn\u00edm komunika\u010dn\u00edm kan\u00e1lem.<\/strong> Hlas <strong>ukazuje<\/strong> detailn\u011b <strong>na\u0161e emoce<\/strong>. Pokud se sna\u017e\u00edme <strong>n\u011bco skr\u00fdt<\/strong>, \u010dasto n\u00e1s hlas <strong>prozrad\u00ed<\/strong>. Lid\u00e9 jsou n\u00e1m <strong>sympati\u010dt\u00ed<\/strong> &#8211; nebo <strong>nesympati\u010dt\u00ed<\/strong> <strong>po hlase<\/strong>. Hlasem jsme schopni <strong>pohladit, vymezit se, uklidnit&#8230;<\/strong><\/p>\n\n\n\n<p>Dokud v\u0161e funguje, nev\u011bnujeme mu p\u0159\u00edli\u0161 pozornosti.<\/p>\n\n\n\n<p><strong>Hlasov\u00e9 centrum na N\u00e1rodn\u00ed je jedno z m\u00fdch pracovi\u0161\u0165<\/strong>, kam za mnou chod\u00ed lid\u00e9 na <strong>hlasovou terapii<\/strong>. Nemysl\u00edm t\u00edm muzikoterapii ani terapii hlasem.<\/p>\n\n\n\n<p>Kdy\u017e m\u00e1 n\u011bkdo <strong>probl\u00e9m s hlasem<\/strong> a l\u00e9ka\u0159 mu na vy\u0161et\u0159en\u00ed doporu\u010d\u00ed hlasovou terapii, dostane se doty\u010dn\u00fd <strong>ke m\u011b,<\/strong> nebo ke kolegyn\u00edm. S klienty pak cvi\u010d\u00edme konkr\u00e9tn\u00ed terapeutick\u00e9 cvi\u010den\u00ed techniky, kter\u00e9 by m\u011bly navodit zdrav\u00e9 pou\u017e\u00edv\u00e1n\u00ed hlasu.<\/p>\n\n\n\n<p>Kdy\u017e tohle popisuji n\u011bkomu, kdo nikdy s hlasem probl\u00e9m nem\u011bl, \u010dasto nech\u00e1pe o co se jedn\u00e1. <strong>To jako u\u010d\u00edm lidi mluvit? Vyslovovat t\u0159eba R?<\/strong> Ne, to je samoz\u0159ejm\u011b pr\u00e1ce logopeda.<\/p>\n\n\n\n<p>Ti, co se k n\u00e1m dostanou v\u0161ak \u010dasto popisuj\u00ed, jak velk\u00e9 probl\u00e9my jim nezdrav\u00fd hlas zp\u016fsobuje.<\/p>\n\n\n\n<p><strong>Jsem moc vd\u011b\u010dn\u00e1<\/strong>, \u017ee je moj\u00ed prac\u00ed zp\u00edvat s m\u00fdmi klienty a sboristy. Jsem v\u0161ak <strong>obrovsky vd\u011b\u010dn\u00e1<\/strong>, pokud se n\u011bjakou terapi\u00ed povede odvr\u00e1tit nutnost operace, nebo navr\u00e1tit zn\u011bl\u00fd hlas. <strong>Kdy\u017e pak doty\u010dn\u00fd vol\u00e1<\/strong> a \u0159\u00edk\u00e1: J\u00e1 u\u017e se domluv\u00edm se sv\u00fdmi bl\u00edzk\u00fdmi, nemus\u00edm v\u011bci 3x opakovat, abych byla sly\u0161et, mluven\u00ed m\u011b nebol\u00ed &#8211; je to pro m\u011b velk\u00e1 radost.<\/p>\n\n\n\n<p><strong>\u010casto tak\u00e9<\/strong> n\u011bkdo se sk\u0159\u00edpav\u00fdm hlasem na terapii <strong>vypr\u00e1v\u00ed o tom<\/strong>, jak <strong>by cht\u011bl zp\u00edvat.<\/strong> V\u011bzte, \u017ee i k tomu se lze dostat, jen to ob\u010das <strong>za\u010d\u00edn\u00e1 vy\u0161et\u0159en\u00edm na foniatrii<\/strong>. Do Hlasov\u00e9ho centra <strong>nepot\u0159ebujete doporu\u010den\u00ed od jin\u00e9ho l\u00e9ka\u0159e<\/strong>.<\/p>\n\n\n\n<p><strong>Pros\u00edm, starejte se o sv\u016fj hlas.<\/strong> \u0160ust\u011bn\u00ed, sk\u0159\u00edp\u00e1n\u00ed, bolest, chrapot, pocit ciz\u00edho t\u011blesa, hlasov\u00e1 \u00fanava po kr\u00e1tk\u00e9m mluven\u00ed &#8211; nic z toho nen\u00ed norm\u00e1ln\u00edm projevem zdrav\u00e9ho hlasu. V\u010dasn\u00e9 \u0159e\u0161en\u00ed jak\u00e9hokoliv probl\u00e9mu je samoz\u0159ejm\u011b snaz\u0161\u00ed. Tak se o sv\u016fj hlas starejte!<\/p>\n","protected":false},"excerpt":{"rendered":"<p>&#8230;je odrazem na\u0161\u00ed osobnosti, hlavn\u00edm komunika\u010dn\u00edm kan\u00e1lem. Hlas ukazuje detailn\u011b na\u0161e emoce. Pokud se sna\u017e\u00edme n\u011bco skr\u00fdt, \u010dasto n\u00e1s hlas prozrad\u00ed. Lid\u00e9 jsou n\u00e1m sympati\u010dt\u00ed &#8211; nebo nesympati\u010dt\u00ed po hlase. Hlasem jsme schopni pohladit, vymezit se, uklidnit&#8230; Dokud v\u0161e funguje, nev\u011bnujeme mu p\u0159\u00edli\u0161 pozornosti. Hlasov\u00e9 centrum na N\u00e1rodn\u00ed je jedno z m\u00fdch pracovi\u0161\u0165, kam za [&hellip;]<\/p>\n","protected":false},"author":1,"featured_media":252,"comment_status":"open","ping_status":"open","sticky":false,"template":"","format":"standard","meta":{"footnotes":""},"categories":[1],"tags":[],"class_list":["post-250","post","type-post","status-publish","format-standard","has-post-thumbnail","hentry","category-nezarazene"],"_links":{"self":[{"href":"https:\/\/www.thea.cz\/zpivam\/wp-json\/wp\/v2\/posts\/250","targetHints":{"allow":["GET"]}}],"collection":[{"href":"https:\/\/www.thea.cz\/zpivam\/wp-json\/wp\/v2\/posts"}],"about":[{"href":"https:\/\/www.thea.cz\/zpivam\/wp-json\/wp\/v2\/types\/post"}],"author":[{"embeddable":true,"href":"https:\/\/www.thea.cz\/zpivam\/wp-json\/wp\/v2\/users\/1"}],"replies":[{"embeddable":true,"href":"https:\/\/www.thea.cz\/zpivam\/wp-json\/wp\/v2\/comments?post=250"}],"version-history":[{"count":2,"href":"https:\/\/www.thea.cz\/zpivam\/wp-json\/wp\/v2\/posts\/250\/revisions"}],"predecessor-version":[{"id":291,"href":"https:\/\/www.thea.cz\/zpivam\/wp-json\/wp\/v2\/posts\/250\/revisions\/291"}],"wp:featuredmedia":[{"embeddable":true,"href":"https:\/\/www.thea.cz\/zpivam\/wp-json\/wp\/v2\/media\/252"}],"wp:attachment":[{"href":"https:\/\/www.thea.cz\/zpivam\/wp-json\/wp\/v2\/media?parent=250"}],"wp:term":[{"taxonomy":"category","embeddable":true,"href":"https:\/\/www.thea.cz\/zpivam\/wp-json\/wp\/v2\/categories?post=250"},{"taxonomy":"post_tag","embeddable":true,"href":"https:\/\/www.thea.cz\/zpivam\/wp-json\/wp\/v2\/tags?post=250"}],"curies":[{"name":"wp","href":"https:\/\/api.w.org\/{rel}","templated":true}]}}